{"id":95,"date":"2022-01-27T14:56:15","date_gmt":"2022-01-27T14:56:15","guid":{"rendered":"https:\/\/motivoweb.com\/zad\/?p=95"},"modified":"2022-01-27T14:56:15","modified_gmt":"2022-01-27T14:56:15","slug":"digital-innovation-in-the-banking-sector","status":"publish","type":"post","link":"https:\/\/amauritorres.com.br\/?p=95","title":{"rendered":"TRF-1 nega promo\u00e7\u00e3o de carreira a militar r\u00e9u"},"content":{"rendered":"\t\t<div data-elementor-type=\"wp-post\" data-elementor-id=\"95\" class=\"elementor elementor-95\" data-elementor-post-type=\"post\">\n\t\t\t\t<div class=\"elementor-element elementor-element-405c467 e-flex e-con-boxed e-con e-parent\" data-id=\"405c467\" data-element_type=\"container\">\n\t\t\t\t\t<div class=\"e-con-inner\">\n\t\t\t\t<div class=\"elementor-element elementor-element-b06ff89 elementor-widget elementor-widget-text-editor\" data-id=\"b06ff89\" data-element_type=\"widget\" data-widget_type=\"text-editor.default\">\n\t\t\t\t<div class=\"elementor-widget-container\">\n\t\t\t\t\t\t\t<!-- wp:paragraph -->\n<p>A 9\u00aa turma do TRF da 1\u00aa regi\u00e3o negou o pedido de promo\u00e7\u00e3o de um tenente do ex\u00e9rcito brasileiro ao posto de capit\u00e3o. O militar havia sido exclu\u00eddo do quadro de promo\u00e7\u00e3o por antiguidade devido a um processo criminal em andamento.<\/p>\n<p>No recurso apresentado ao tribunal, o oficial do ex\u00e9rcito argumentou que sua exclus\u00e3o violava o princ\u00edpio da presun\u00e7\u00e3o de inoc\u00eancia, garantido pelo art. 5\u00ba, LVII, da CF\/88, que estabelece que ningu\u00e9m ser\u00e1 considerado culpado at\u00e9 o tr\u00e2nsito em julgado de senten\u00e7a penal condenat\u00f3ria.\u00a0<\/p>\n<p>Ao avaliar o caso, o relator, juiz Federal convocado Mark Yshida Brand\u00e3o, reconheceu que a jurisprud\u00eancia brasileira geralmente entende que a elimina\u00e7\u00e3o de um candidato \u00e0 vaga em concurso p\u00fablico com base em inqu\u00e9rito policial ou a\u00e7\u00e3o penal em curso, sem senten\u00e7a condenat\u00f3ria transitada em julgado, viola o princ\u00edpio da presun\u00e7\u00e3o de inoc\u00eancia.<\/p>\n<p>No entanto, o magistrado destacou que esse entendimento n\u00e3o se aplica ao caso em quest\u00e3o, pois a progress\u00e3o funcional no \u00e2mbito militar \u00e9 diferente da elimina\u00e7\u00e3o de candidatos em concursos p\u00fablicos.<\/p>\n<p>O magistrado tamb\u00e9m sustentou que o ato administrativo do ex\u00e9rcito brasileiro, que impediu a promo\u00e7\u00e3o do tenente, \u00e9 v\u00e1lido. Ele explicou que o estatuto dos militares determina que um oficial n\u00e3o pode constar de qualquer quadro de acesso se estiver denunciado em processo criminal at\u00e9 que a senten\u00e7a final tenha transitado em julgado.<\/p>\n<p>A decis\u00e3o do colegiado foi un\u00e2nime, acompanhando o voto do relator, mantendo assim a exclus\u00e3o do tenente do quadro de promo\u00e7\u00e3o por antiguidade.<\/p>\n<!-- \/wp:paragraph -->\t\t\t\t\t\t<\/div>\n\t\t\t\t<\/div>\n\t\t\t\t\t<\/div>\n\t\t\t\t<\/div>\n\t\t\t\t<\/div>\n\t\t","protected":false},"excerpt":{"rendered":"<p>A 9\u00aa turma do TRF da 1\u00aa regi\u00e3o negou o pedido de promo\u00e7\u00e3o de um tenente do ex\u00e9rcito brasileiro ao posto de capit\u00e3o. O militar havia sido exclu\u00eddo do quadro de promo\u00e7\u00e3o por antiguidade devido a um processo criminal em andamento. No recurso apresentado ao tribunal, o oficial do ex\u00e9rcito argumentou que sua exclus\u00e3o violava [&hellip;]<\/p>\n","protected":false},"author":1,"featured_media":9202,"comment_status":"closed","ping_status":"open","sticky":false,"template":"","format":"standard","meta":{"footnotes":""},"categories":[4],"tags":[],"class_list":["post-95","post","type-post","status-publish","format-standard","has-post-thumbnail","hentry","category-direito-criminal"],"_links":{"self":[{"href":"https:\/\/amauritorres.com.br\/index.php?rest_route=\/wp\/v2\/posts\/95","targetHints":{"allow":["GET"]}}],"collection":[{"href":"https:\/\/amauritorres.com.br\/index.php?rest_route=\/wp\/v2\/posts"}],"about":[{"href":"https:\/\/amauritorres.com.br\/index.php?rest_route=\/wp\/v2\/types\/post"}],"author":[{"embeddable":true,"href":"https:\/\/amauritorres.com.br\/index.php?rest_route=\/wp\/v2\/users\/1"}],"replies":[{"embeddable":true,"href":"https:\/\/amauritorres.com.br\/index.php?rest_route=%2Fwp%2Fv2%2Fcomments&post=95"}],"version-history":[{"count":0,"href":"https:\/\/amauritorres.com.br\/index.php?rest_route=\/wp\/v2\/posts\/95\/revisions"}],"wp:featuredmedia":[{"embeddable":true,"href":"https:\/\/amauritorres.com.br\/index.php?rest_route=\/wp\/v2\/media\/9202"}],"wp:attachment":[{"href":"https:\/\/amauritorres.com.br\/index.php?rest_route=%2Fwp%2Fv2%2Fmedia&parent=95"}],"wp:term":[{"taxonomy":"category","embeddable":true,"href":"https:\/\/amauritorres.com.br\/index.php?rest_route=%2Fwp%2Fv2%2Fcategories&post=95"},{"taxonomy":"post_tag","embeddable":true,"href":"https:\/\/amauritorres.com.br\/index.php?rest_route=%2Fwp%2Fv2%2Ftags&post=95"}],"curies":[{"name":"wp","href":"https:\/\/api.w.org\/{rel}","templated":true}]}}